[{"@context":"https:\/\/schema.org\/","@type":"Article","@id":"https:\/\/www.nabital.cz\/vestavena-skrin-v-byte\/#Article","mainEntityOfPage":"https:\/\/www.nabital.cz\/vestavena-skrin-v-byte\/","headline":"Vestav\u011bn\u00e1 sk\u0159\u00ed\u0148 v byt\u011b.","name":"Vestav\u011bn\u00e1 sk\u0159\u00ed\u0148 v byt\u011b.","description":"Vestav\u011bn\u00e9 sk\u0159\u00edn\u011b sten-skrine.cz jsou v dne\u0161n\u00ed dob\u011b velmi roz\u0161\u00ed\u0159en\u00e9 hlavn\u011b, co se t\u00fd\u010de mal\u00fdch a m\u00e1lo prostorn\u00fdch byt\u016f. N\u011bkte\u0159\u00ed, co \u017eij\u00ed v domech a maj\u00ed velk\u00fd prostor, si to nedok\u00e1\u017e\u00ed ani p\u0159edstavit, ale n\u011bkte\u0159\u00ed lid\u00e9 \u017eij\u00ed nap\u0159\u00edklad v jedna plus jedni\u010dce a maj\u00ed dv\u011b mor\u010data s v\u011bt\u0161\u00ed klec\u00ed a te\u010f se jim narodilo d\u00edt\u011b. \u0158\u00edk\u00e1te, [&hellip;]","datePublished":"2023-12-26","dateModified":"2024-01-29","author":{"@type":"Person","@id":"https:\/\/www.nabital.cz\/author\/#Person","name":"","url":"https:\/\/www.nabital.cz\/author\/","identifier":1,"image":{"@type":"ImageObject","@id":"https:\/\/secure.gravatar.com\/avatar\/9cae764794acc12213aa530e21558ed2bd96c03f91e0c3ad21cc1905765be658?s=96&d=mm&r=g","url":"https:\/\/secure.gravatar.com\/avatar\/9cae764794acc12213aa530e21558ed2bd96c03f91e0c3ad21cc1905765be658?s=96&d=mm&r=g","height":96,"width":96}},"publisher":{"@type":"Organization","name":"nabital.cz","logo":{"@type":"ImageObject","@id":"\/logo.png","url":"\/logo.png","width":600,"height":60}},"image":{"@type":"ImageObject","@id":"https:\/\/www.nabital.cz\/wp-content\/uploads\/pexels-terje-sollie-298842_2.jpg","url":"https:\/\/www.nabital.cz\/wp-content\/uploads\/pexels-terje-sollie-298842_2.jpg","height":0,"width":0},"url":"https:\/\/www.nabital.cz\/vestavena-skrin-v-byte\/","about":["Nakupov\u00e1n\u00ed"],"wordCount":475,"articleBody":"   Vestav\u011bn\u00e9 sk\u0159\u00edn\u011b sten-skrine.cz jsou v dne\u0161n\u00ed dob\u011b velmi roz\u0161\u00ed\u0159en\u00e9 hlavn\u011b, co se t\u00fd\u010de mal\u00fdch a m\u00e1lo prostorn\u00fdch byt\u016f. N\u011bkte\u0159\u00ed, co \u017eij\u00ed v domech a maj\u00ed velk\u00fd prostor, si to nedok\u00e1\u017e\u00ed ani p\u0159edstavit, ale n\u011bkte\u0159\u00ed lid\u00e9 \u017eij\u00ed nap\u0159\u00edklad v jedna plus jedni\u010dce a maj\u00ed dv\u011b mor\u010data s v\u011bt\u0161\u00ed klec\u00ed a te\u010f se jim narodilo d\u00edt\u011b. \u0158\u00edk\u00e1te, \u017ee je to do takov\u00e9ho prostoru nemo\u017en\u00e9, ale nen\u00ed, jen je pot\u0159eba si dob\u0159e rozvrhnout prostor, kter\u00fd m\u00e1te k dispozici, a hlavn\u011b v\u017edy se to d\u00e1 n\u011bjak ud\u011blat. Nap\u0159\u00edklad kdy\u017e chcete zachovat seda\u010dku a p\u0159itom m\u00edt postel je dobr\u00e9 vyzkou\u0161et n\u011bkter\u00e9 z postel\u00ed, kter\u00e9 se daj\u00ed zav\u0159\u00edt do sk\u0159\u00edn\u011b jednoduch\u00fdm posunem ruky. Tak budete m\u00edt zabran\u00fd kus prostoru u zdi, ale kdy\u017e se r\u00e1no probud\u00edte a dob\u0159e se vysp\u00edte, proto\u017ee nebudete muset sp\u00e1t na rozkl\u00e1dac\u00edm gau\u010di, jednodu\u0161e postel op\u011bt schov\u00e1te do sk\u0159\u00edn\u011b. Kdy\u017e si tedy dob\u0159e rozvrhnete, kde jak\u00fd \u010d\u00e1st jedn\u00e9 m\u00edstnosti bude, proto\u017ee druhou m\u00edstnosti je mal\u00e1 kuchy\u0148, do kter\u00e9 se v\u00e1m vleze jen post\u00fdlka pro d\u00edt\u011b. S j\u00eddeln\u00edm stolem u\u017e moc nepo\u010d\u00edtejte, ale jak \u0159\u00edk\u00e1m, v\u0161e se d\u00e1 n\u011bjak namyslet a i v mal\u00e9m prostoru m\u016f\u017eete m\u00edt v\u011bt\u0161inu v\u011bc\u00ed. I v takov\u00e9m byt\u011b, kter\u00fd jsme v\u00e1m p\u0159ibl\u00ed\u017eili, budou pot\u0159eba n\u011bjak\u00e9 vestav\u011bn\u00e9 sk\u0159\u00edn\u011b a jedna velk\u00e1, kter\u00e1 bude skr\u00fdvat man\u017eelskou postel. Do chodby se d\u00e1 um\u00edstit vestav\u011bn\u00e1 sk\u0159\u00ed\u0148, kde d\u0159\u00edve b\u00fdvala sk\u0159\u00ed\u0148 na oble\u010den\u00ed. Je u\u017e od doby vybudov\u00e1n\u00ed bytu zabudovan\u00e1 ve zdi a bude se s n\u00ed d\u00e1t pracovat.Star\u00e9 proveden\u00ed se odstran\u00ed a m\u016f\u017eete tu m\u00edt sk\u0159\u00ed\u0148 s p\u0159ebalovac\u00edm pultem, m\u00edstem na oble\u010den\u00ed, kter\u00e9 bude \u0159e\u0161eno jednotliv\u00fdmi \u0161upl\u00edky a vrchn\u00ed polic\u00ed, kter\u00e1 bude zav\u0159ena dv\u00ed\u0159ky. Zde budete m\u00edt uskladn\u011bn\u00e9 nap\u0159\u00edklad v\u011bci pro miminko, jako n\u00e1hradn\u00ed pleny, v\u00fd\u017eivu, p\u0159ebalovac\u00ed v\u00fdbavu a podobn\u011b. Jedn\u00e1 vestav\u011bn\u00e1 sk\u0159\u00ed\u0148, kter\u00e1 v\u00e1m zajist\u00ed v\u0161e pro d\u00edt\u011b. Druhou vestav\u011bnou sk\u0159\u00edn\u00ed bude v hlavn\u00ed m\u00edstnosti, kde jsme se u\u017e zm\u00ednili, \u017ee bude \u0159e\u0161it span\u00ed a nad n\u00ed mohou b\u00fdt je\u0161t\u011b pot\u0159ebn\u00e9 sk\u0159\u00edn\u011b. Kdy\u017e, budete cht\u00edt sk\u0159\u00ed\u0148 p\u0159es p\u016fl zdi, m\u016f\u017eete ji vyu\u017e\u00edt i jako prostor na oble\u010den\u00ed. Vid\u00edte nakonec se v\u0161e vlezlo a rodina m\u016f\u017ee n\u011bjakou dobu v byt\u011b \u017e\u00edt. Aspo\u0148 po dobu, kdy bude d\u00edt\u011b mal\u00e9.                                                                                                                                                                                                                                                                                                                                                                                                   "},{"@context":"https:\/\/schema.org\/","@type":"BreadcrumbList","itemListElement":[{"@type":"ListItem","position":1,"name":"Vestav\u011bn\u00e1 sk\u0159\u00ed\u0148 v byt\u011b.","item":"https:\/\/www.nabital.cz\/vestavena-skrin-v-byte\/#breadcrumbitem"}]}]